{"id":112,"date":"2016-04-29T15:05:43","date_gmt":"2016-04-29T13:05:43","guid":{"rendered":"http:\/\/www.mountainpassions.com\/wordpress\/?p=112"},"modified":"2019-06-11T11:47:28","modified_gmt":"2019-06-11T09:47:28","slug":"chamonix-mont-blanc","status":"publish","type":"post","link":"https:\/\/www.mountainpassions.com\/summer\/summer-resorts\/chamonix-mont-blanc\/","title":{"rendered":"Summer in Chamonix"},"content":{"rendered":"<div class=\"content-container\">\n<div class=\"inprofile2col\">\n<div class=\"content\">\n<p><span class=\"dropcap\">C<\/span>hances are, anyone who has ever been here to ski or snowboard will have got to know Chamonix and its long, straggling valley rather well. In contrast to purpose-built ski villages, things here feel much more spread out, with many of the most tempting options lying at the end of a meaningful bus (or train) ride. It all adds to the sense of adventure, of course, with wondrous snowy magnificence at every turn.<\/p>\n<p>Coming here in summer, on the other hand, reveals a totally unexpected side to the character of this small but beautifully-formed corner of the French Alps. If you arrive, as we do, in bright sunshine, your first reaction to setting eyes on it in summer mode for the first time is likely to be much the same as ours: \u201c <em>Why didn\u2019t we do this before?<\/em>\u201d One thing we have been expecting is our accommodation, a few km out of town in <strong>Les Houches<\/strong>.<\/p>\n<p>Le Hameau de Pierre-Blanche had looked like a tempting option when we spotted it during one of our previous ski visits, and when we finally get to stay there it doesn&#8217;t disappoint \u2014 not least since it offers a terrace with stirring views of the <strong>Aiguille du Midi<\/strong>.<\/p>\n<\/div>\n<\/div>\n<div class=\"inprofile2col\">\n<div class=\"pullquote\">\n<div class=\"pullquote-extract\">\nIn summer Le Brevent is a gateway to serious walking territory, plus advanced-level mountain-biking descents. We content ourselves with what we came for \u2014 uplifting overviews of the valley and across to the Aiguille du Midi, plus the eternally snow-capped summit of Mont-Blanc&#8230;\n<\/div>\n<\/div>\n<\/div>\n<\/div>\n<div class=\"content-container\">\n<div class=\"inprofile2col\">\n<div id=\"7116\" style=\"width: 550px\" class=\"wp-caption alignnone wp-caption wp-caption-text alignleft\"><br \/>\n<img aria-describedby=\"caption-7116\" decoding=\"async\" loading=\"lazy\" width=\"540\" height=\"336\" class=\"left-image size-full wp-image-7116\" src=\"https:\/\/www.mountainpassions.com\/summer\/wp-content\/uploads\/2014\/07\/Brevent-cable-car-mountains-above-Chamonix-27584.jpg\" alt=\"Side view of Brevent cable car with mountains in background above Chamonix\" srcset=\"https:\/\/www.mountainpassions.com\/summer\/wp-content\/uploads\/2014\/07\/Brevent-cable-car-mountains-above-Chamonix-27584.jpg 540w, https:\/\/www.mountainpassions.com\/summer\/wp-content\/uploads\/2014\/07\/Brevent-cable-car-mountains-above-Chamonix-27584-250x156.jpg 250w, https:\/\/www.mountainpassions.com\/summer\/wp-content\/uploads\/2014\/07\/Brevent-cable-car-mountains-above-Chamonix-27584-150x93.jpg 150w, https:\/\/www.mountainpassions.com\/summer\/wp-content\/uploads\/2014\/07\/Brevent-cable-car-mountains-above-Chamonix-27584-350x218.jpg 350w, https:\/\/www.mountainpassions.com\/summer\/wp-content\/uploads\/2014\/07\/Brevent-cable-car-mountains-above-Chamonix-27584-200x124.jpg 200w, https:\/\/www.mountainpassions.com\/summer\/wp-content\/uploads\/2014\/07\/Brevent-cable-car-mountains-above-Chamonix-27584-500x311.jpg 500w\" sizes=\"(max-width: 540px) 100vw, 540px\" \/><br \/>\n<p id=\"caption-7116\" class=\"wp-caption-text\">The Brevent cable car ascends to 1999m above Chamonix.<\/p><\/div>\n<\/div>\n<div class=\"inprofile2col\">\n<div id=\"7119\" style=\"width: 550px\" class=\"wp-caption alignnone wp-caption wp-caption-text alignleft\"><br \/>\n<img aria-describedby=\"caption-7119\" decoding=\"async\" loading=\"lazy\" width=\"540\" height=\"336\" class=\"right-image size-medium wp-image-7119\" src=\"https:\/\/www.mountainpassions.com\/summer\/wp-content\/uploads\/2014\/07\/In-flight-view-of-two-person-parapente-and-mountains-above-Chamonix-27575.jpg\" alt=\"Side view of parapente experience with mountain backdrop above Chamonix\" srcset=\"https:\/\/www.mountainpassions.com\/summer\/wp-content\/uploads\/2014\/07\/In-flight-view-of-two-person-parapente-and-mountains-above-Chamonix-27575.jpg 540w, https:\/\/www.mountainpassions.com\/summer\/wp-content\/uploads\/2014\/07\/In-flight-view-of-two-person-parapente-and-mountains-above-Chamonix-27575-250x156.jpg 250w, https:\/\/www.mountainpassions.com\/summer\/wp-content\/uploads\/2014\/07\/In-flight-view-of-two-person-parapente-and-mountains-above-Chamonix-27575-150x93.jpg 150w, https:\/\/www.mountainpassions.com\/summer\/wp-content\/uploads\/2014\/07\/In-flight-view-of-two-person-parapente-and-mountains-above-Chamonix-27575-350x218.jpg 350w, https:\/\/www.mountainpassions.com\/summer\/wp-content\/uploads\/2014\/07\/In-flight-view-of-two-person-parapente-and-mountains-above-Chamonix-27575-200x124.jpg 200w, https:\/\/www.mountainpassions.com\/summer\/wp-content\/uploads\/2014\/07\/In-flight-view-of-two-person-parapente-and-mountains-above-Chamonix-27575-500x311.jpg 500w\" sizes=\"(max-width: 540px) 100vw, 540px\" \/><br \/>\n<p id=\"caption-7119\" class=\"wp-caption-text\">Paragliding is just one of the exciting activities for summer visitors.<\/p><\/div>\n<\/div>\n<\/div>\n<div class=\"content-container\">\n<div class=\"inprofile2col\">\n<div class=\"content\">\n<h2>Le Brevent<\/h2>\n<p>Our first day begins overcast, with dull drizzle, so we decide to explore the marked forest trails from Les Houches and which eventually lead down to a small halt at <strong>Vaudagne<\/strong> for local rail services (free to holders of Carte d&#8217;H\u00f4tes accommodation travel passes). Happily for us, the point at which the track becomes steeper coincides with a marked improvement in the weather, so we make our way back and this time head off to the <strong>Planpraz gondola lift<\/strong> just above Chamonix. The entire lift has been replaced since our previous visit, and now feels smoother and faster than its aged predecessor, with much roomier cabins. The haul is as steep as we remembered it, but much quicker, and minutes later we&#8217;re at the 1999m top station.<\/p>\n<p>When we step from the gondola conditions are clear, so we waste no time heading even higher for the classic overview of the valley, which means transferring to the nearby <strong>T\u00e9l\u00e9ph\u00e9rique du Brevent<\/strong> cable-car. Still one of the essential mountain experiences to be had around the valley, the celebrated link was inaugurated back in 1930. Back then the cabins were primitive, with little or no comforts, but passengers were transfixed by the breathtaking sensation of crossing some 1350m in an audacious single span.Today the cars are much bigger and smoother, but the drama of the traverse remains, particularly as we approach the top station, at the end of a 504m climb.<\/p>\n<\/div>\n<\/div>\n<div class=\"inprofile2col\">\n<div class=\"content-right\">\n<h2>Floating free<\/h2>\n<p>The <strong>2525m summit<\/strong> is home to a panoramic restaurant, but otherwise it all feels rugged, exposed and far removed from more earthly preoccupations down on the valley floor. In winter<strong> Le Brevent<\/strong> is the departure point for some demanding <strong>Black-graded ski terrain<\/strong> (which feeds onto the more benign slopes lower down) but in summer it\u2019s a gateway to serious <strong>walking territory<\/strong>, plus advanced-level <strong> mountain-biking descents<\/strong>. Being equipped for none of the above, we content ourselves with what we came for \u2014 uplifting overviews of the valley and across to the <strong>Aiguille du Midi<\/strong> (3842m), plus the eternally snow-capped summit of <strong>Mont-Blanc<\/strong> (4810m).<\/p>\n<p>The entertainment value of the return cable-car run to <strong>Planpraz<\/strong> is boosted by a group of weekend <strong>parapente flyers<\/strong> wheeling silently around us in search of thermals rising from the valley, and by the time we step back onto terra-firma the numbers launching themselves from <strong>Brevent<\/strong> are increasing steadily. Conditions like these are obviously irresistible, both to solo flyers and visitors taking tandem \u2018bapt\u00eame\u2019 flights to discover for themselves just how it feels.<\/p>\n<\/div>\n<\/div>\n<\/div>\n<div class=\"content-container\">\n<div class=\"inprofile2col\">\n<div id=\"7125\" style=\"width: 550px\" class=\"wp-caption alignnone wp-caption wp-caption-text alignleft\"><br \/>\n<img aria-describedby=\"caption-7125\" decoding=\"async\" loading=\"lazy\" width=\"540\" height=\"336\" class=\"left-image size-full wp-image-7125\" src=\"https:\/\/www.mountainpassions.com\/summer\/wp-content\/uploads\/2014\/07\/Market-footpath-through-forest-above-Chamonix-27512.jpg\" alt=\"View of signed forest footpath trail above Chamonix\" srcset=\"https:\/\/www.mountainpassions.com\/summer\/wp-content\/uploads\/2014\/07\/Market-footpath-through-forest-above-Chamonix-27512.jpg 540w, https:\/\/www.mountainpassions.com\/summer\/wp-content\/uploads\/2014\/07\/Market-footpath-through-forest-above-Chamonix-27512-250x156.jpg 250w, https:\/\/www.mountainpassions.com\/summer\/wp-content\/uploads\/2014\/07\/Market-footpath-through-forest-above-Chamonix-27512-150x93.jpg 150w, https:\/\/www.mountainpassions.com\/summer\/wp-content\/uploads\/2014\/07\/Market-footpath-through-forest-above-Chamonix-27512-350x218.jpg 350w, https:\/\/www.mountainpassions.com\/summer\/wp-content\/uploads\/2014\/07\/Market-footpath-through-forest-above-Chamonix-27512-200x124.jpg 200w, https:\/\/www.mountainpassions.com\/summer\/wp-content\/uploads\/2014\/07\/Market-footpath-through-forest-above-Chamonix-27512-500x311.jpg 500w\" sizes=\"(max-width: 540px) 100vw, 540px\" \/><br \/>\n<p id=\"caption-7125\" class=\"wp-caption-text\">Clearly signed balcon footpaths trail along both sides of the Chamonix Valley.<\/p><\/div>\n<\/div>\n<div class=\"inprofile2col\">\n<div id=\"7127\" style=\"width: 550px\" class=\"wp-caption alignnone wp-caption wp-caption-text alignleft\"><br \/>\n<img aria-describedby=\"caption-7127\" decoding=\"async\" loading=\"lazy\" width=\"540\" height=\"336\" class=\"right-image size-full wp-image-7127\" src=\"https:\/\/www.mountainpassions.com\/summer\/wp-content\/uploads\/2014\/07\/Family-on-mountain-chalet-terrace-above-Chamonix-27531.jpg\" alt=\"View of family on the terrace f the Chalet de La Floria above Chamonix\" srcset=\"https:\/\/www.mountainpassions.com\/summer\/wp-content\/uploads\/2014\/07\/Family-on-mountain-chalet-terrace-above-Chamonix-27531.jpg 540w, https:\/\/www.mountainpassions.com\/summer\/wp-content\/uploads\/2014\/07\/Family-on-mountain-chalet-terrace-above-Chamonix-27531-250x156.jpg 250w, https:\/\/www.mountainpassions.com\/summer\/wp-content\/uploads\/2014\/07\/Family-on-mountain-chalet-terrace-above-Chamonix-27531-150x93.jpg 150w, https:\/\/www.mountainpassions.com\/summer\/wp-content\/uploads\/2014\/07\/Family-on-mountain-chalet-terrace-above-Chamonix-27531-350x218.jpg 350w, https:\/\/www.mountainpassions.com\/summer\/wp-content\/uploads\/2014\/07\/Family-on-mountain-chalet-terrace-above-Chamonix-27531-200x124.jpg 200w, https:\/\/www.mountainpassions.com\/summer\/wp-content\/uploads\/2014\/07\/Family-on-mountain-chalet-terrace-above-Chamonix-27531-500x311.jpg 500w\" sizes=\"(max-width: 540px) 100vw, 540px\" \/><br \/>\n<p id=\"caption-7127\" class=\"wp-caption-text\">Making the most of the valley views from the terrace of the Chalet de La Floria.<\/p><\/div>\n<\/div>\n<\/div>\n<div class=\"content-container\">\n<div class=\"inprofile2col\">\n<div class=\"content\">\n<h2>On mountain footpaths<\/h2>\n<p>Not that everyone comes to Chamonix to put their nerve to the test. One of the reasons we&#8217;ve wanted to return and see the valley in summer is to get physical on the marked footpaths \u2014 <em>sentiers de randonn\u00e9es<\/em> \u2014 which wind their way up the sides of the valley. The choice is wide, and they&#8217;re graded on the map in a similar way to ski runs, beginning with Blue for medium difficulty\/fitness requirements. Next comes Orange, denoting panoramic trails above the valley floor. The toughest routes, involving significant climbs, are graded Red.<\/p>\n<p>One route in the Br\u00e9vent Fl\u00e9g\u00e8re area has caught our eye, since it passes a <strong>Le Chalet la Floria<\/strong>, one of many <em>cr\u00e8meries<\/em> in the Chamonix valley. So-called because they were usually situated on or near transhumance routes between the valley floor and the high alpage and refreshment would have been direct from the cows. The only slight problem for new arrivals like us is that the route is graded Red, although it looks a safe bet as long as we stick to the lower section up to the caf\u00e9. There are several departure points between the Planpraz and Fl\u00e9g\u00e8re lifts, but it makes most sense for us to set off from the former. (Note the Fl\u00e9g\u00e8re cable car is closed this summer (2019) and will be replaced by a new gondola lift and lower station in time for winter 2019\/20. Walkers will be able to use Br\u00e9vent, and the Index chairlift &#8211; open for just over 1 month during peak summer to access the classic hikes to mountain lakes.)  The climb feels quite steep, but in reality is as nothing compared to what lies in wait for those who venture higher up the mountain (but who then have the option of a lift descent). We also slip almost immediately into the forest, with only the hum of the town below to remind us that this is only the start of what could be a long and challenging climb into full-on nature.<\/p>\n<p>For now, though, it&#8217;s not exactly relentless, and things flatten a little, and allows us to catch our breath before the next climb. From time to time we pass waymarkers where paths intersect, and it&#8217;s already clear that you could easily spend a lot of time exploring all the variations in this sector alone, let alone the multitude of options further up the valley.<\/p>\n<\/div>\n<\/div>\n<div class=\"inprofile2col\">\n<div class=\"content-right\">\n<h2>Efforts rewarded<\/h2>\n<p>Eventually, though, the path becomes steeper, narrower and more winding. Fortunately, signs to the Chalet la Floria tell us that our tenacity in maintaining our pace onwards and upwards will be rewarded. Other walkers descending obviously know how it feels, and greet us with a sympathetic smile and an encouraging \u201cNot long now!\u201d<\/p>\n<p>Sure enough, a few minutes later we round the final bend and catch sight of the chalet. It looks a picture, with most of the old stone facade being covered by billowing vibrant displays of geraniums \u2014 but we find it hard to believe the sign which tells us that we&#8217;ve climbed little more than 300m since leaving Chamonix. After taking a seat at one of the brightly-painted tables placed around the chalet terrace we order drinks and home-made <em>tarte aux myrtilles<\/em> and begin to take in the kind of hypnotic mountain views which seem to agree with us. We&#8217;re still thinking as skiers, of course, to whom 300m of vertical sounds like peanuts, but to anyone heading up not down, the modest-sounding figure feels very different.<\/p>\n<p>On the other hand, the historic chalet is merely a popular stop along a path which continues all the way up to the 1894m top station of the<strong> La Fl\u00e9g\u00e8re cable car<\/strong> \u2014 or if you have truly boundless energy, onwards to the top of the<strong> Index chairlift<\/strong> (2396m). Somehow we don&#8217;t see ourselves ever doing that in a single slog, however much the idea appeals. Plenty of people do, however, a thought which we ponder in awestruck amazement on the return walk down to Chamonix. Maybe that&#8217;s why we manage to miss the path down to the base of the <strong>Planpraz gondola lift<\/strong> and emerge onto tarmac instead of where we&#8217;d left the car a couple of hours before. Happily, a near-level 10-minute walk gets us back to where we began, with a glow of achievement and a resolve to explore more of the Chamonix valley&#8217;s justly-celebrated network of mountain paths.<\/p>\n<\/div>\n<\/div>\n<\/div>\n<div class=\"content-container\">\n<div class=\"inprofile2col\">\n<div id=\"6969\" style=\"width: 550px\" class=\"wp-caption alignnone wp-caption wp-caption-text alignleft\"><br \/>\n<img aria-describedby=\"caption-6969\" decoding=\"async\" loading=\"lazy\" width=\"530\" height=\"330\" class=\"left-image size-full wp-image-6969\" src=\"https:\/\/www.mountainpassions.com\/summer\/wp-content\/uploads\/2014\/07\/chamonix_town_27503.jpg\" alt=\"Chamonix\" srcset=\"https:\/\/www.mountainpassions.com\/summer\/wp-content\/uploads\/2014\/07\/chamonix_town_27503.jpg 530w, https:\/\/www.mountainpassions.com\/summer\/wp-content\/uploads\/2014\/07\/chamonix_town_27503-250x156.jpg 250w, https:\/\/www.mountainpassions.com\/summer\/wp-content\/uploads\/2014\/07\/chamonix_town_27503-150x93.jpg 150w, https:\/\/www.mountainpassions.com\/summer\/wp-content\/uploads\/2014\/07\/chamonix_town_27503-350x218.jpg 350w, https:\/\/www.mountainpassions.com\/summer\/wp-content\/uploads\/2014\/07\/chamonix_town_27503-500x311.jpg 500w\" sizes=\"(max-width: 530px) 100vw, 530px\" \/><br \/>\n<p id=\"caption-6969\" class=\"wp-caption-text\">Chamonix bursts with floral colour throughout the summer.<\/p><\/div>\n<\/div>\n<div class=\"inprofile2col\">\n<div id=\"7130\" style=\"width: 550px\" class=\"wp-caption alignnone wp-caption wp-caption-text alignleft\"><br \/>\n<img aria-describedby=\"caption-7130\" decoding=\"async\" loading=\"lazy\" width=\"540\" height=\"336\" class=\"right-image size-full wp-image-7130\" src=\"https:\/\/www.mountainpassions.com\/summer\/wp-content\/uploads\/2014\/07\/Brevent-gondola-lift-above-Chamonix-27595.jpg\" alt=\"Underview of Brevent gondola lift cabins, with mountainside in Chamonix valley \" srcset=\"https:\/\/www.mountainpassions.com\/summer\/wp-content\/uploads\/2014\/07\/Brevent-gondola-lift-above-Chamonix-27595.jpg 540w, https:\/\/www.mountainpassions.com\/summer\/wp-content\/uploads\/2014\/07\/Brevent-gondola-lift-above-Chamonix-27595-250x156.jpg 250w, https:\/\/www.mountainpassions.com\/summer\/wp-content\/uploads\/2014\/07\/Brevent-gondola-lift-above-Chamonix-27595-150x93.jpg 150w, https:\/\/www.mountainpassions.com\/summer\/wp-content\/uploads\/2014\/07\/Brevent-gondola-lift-above-Chamonix-27595-350x218.jpg 350w, https:\/\/www.mountainpassions.com\/summer\/wp-content\/uploads\/2014\/07\/Brevent-gondola-lift-above-Chamonix-27595-200x124.jpg 200w, https:\/\/www.mountainpassions.com\/summer\/wp-content\/uploads\/2014\/07\/Brevent-gondola-lift-above-Chamonix-27595-500x311.jpg 500w\" sizes=\"(max-width: 540px) 100vw, 540px\" \/><br \/>\n<p id=\"caption-7130\" class=\"wp-caption-text\">The Brevent gondola takes walkers, cyclists and paragliders up the mountain.<\/p><\/div>\n<\/div>\n<\/div>\n<div class=\"content-container\">\n<h2>Going up, in style<\/h2>\n<div class=\"inprofile2col\">\n<div class=\"content\">\n<p>During our time in the valley we get to realise more of our longstanding ambitions, including seeing how it feels to step deep inside a glacier. We&#8217;ll be describing this and other experiences on dedicated pages celebrating Chamonix&#8217;s legendary <strong>Mer de Glace Mountain Railway<\/strong>, riding the sensational <a href=\"https:\/\/www.mountainpassions.com\/summer\/summer-activities\/aiguille-du-midi\/\" target=\"_blank\" rel=\"noopener noreferrer\">Aiguille du Midi Cable Car<\/a>, and taking the historic <a href=\"https:\/\/www.mountainpassions.com\/summer\/summer-activities\/tramway-du-mont-blanc\/\" target=\"_blank\" rel=\"noopener noreferrer\">Tramway du Mont-Blanc<\/a> from nearby <strong>Le Fayet<\/strong> all the way up to the wild, remote <strong>Nid d&#8217;Aigle<\/strong> (2380m) high above the ski resort of Les Houches. <img decoding=\"async\" src=\"https:\/\/www.mountainpassions.com\/winter\/wp-content\/uploads\/2014\/11\/1_heart1.gif\" alt=\"MountainPassions heart icon\" \/><\/p>\n<\/div>\n<\/div>\n<div class=\"inprofile2col\">\n<aside class=\"aside_content\">\n<h3>Les Cr\u00e8meries of Chamonix<\/h3>\n<p>Dating back to the 19th century, the cr\u00e8meries (creameries) were so-called because they would offer refreshment to travellers in the form of milk, fresh from the cows grazing on the high pastures (alpages).<\/p>\n<p>There are a handful of cr\u00e8meries remaining in Chamonix valley and all are within about 1 hour&#8217;s walk.<\/p>\n<p>Open daily from mid-June to mid-September, enquire at the Tourist Office for walking maps showing their locations. We visited Chalet de la Floria and the Cr\u00e8merie de la Cascade de B\u00e8rard, see Practical Information for details.<\/p>\n<\/aside>\n<\/div>\n<\/div>\n","protected":false},"excerpt":{"rendered":"MountainPassions visits Chamonix-Mont-Blanc, a unique Alpine destination which welcomes visitors all year round. ","protected":false},"author":3,"featured_media":6958,"comment_status":"closed","ping_status":"closed","sticky":false,"template":"","format":"standard","meta":{"inline_featured_image":false,"footnotes":""},"categories":[3],"tags":[17,22,25,27,30,31,32,34,48,57,60],"acf":[],"yoast_head":"<!-- This site is optimized with the Yoast SEO plugin v21.3 - https:\/\/yoast.com\/wordpress\/plugins\/seo\/ -->\n<title>Summer in Chamonix Resort Review - French Alps - MountainPassions<\/title>\n<meta name=\"description\" content=\"Read our Chamonix resort review for summer visits to this unique Alpine destination which welcomes visitors all year round.\" \/>\n<meta name=\"robots\" content=\"index, follow, max-snippet:-1, max-image-preview:large, max-video-preview:-1\" \/>\n<link rel=\"canonical\" href=\"https:\/\/www.mountainpassions.com\/summer\/summer-resorts\/chamonix-mont-blanc\/\" \/>\n<meta property=\"og:locale\" content=\"en_GB\" \/>\n<meta property=\"og:type\" content=\"article\" \/>\n<meta property=\"og:title\" content=\"Summer in Chamonix Resort Review - French Alps - MountainPassions\" \/>\n<meta property=\"og:description\" content=\"Read our Chamonix resort review for summer visits to this unique Alpine destination which welcomes visitors all year round.\" \/>\n<meta property=\"og:url\" content=\"https:\/\/www.mountainpassions.com\/summer\/summer-resorts\/chamonix-mont-blanc\/\" \/>\n<meta property=\"og:site_name\" content=\"MountainPassions\" \/>\n<meta property=\"article:publisher\" content=\"https:\/\/www.facebook.com\/Mountain-Passions-422318654644495\/?ref=hl\" \/>\n<meta property=\"article:published_time\" content=\"2016-04-29T13:05:43+00:00\" \/>\n<meta property=\"article:modified_time\" content=\"2019-06-11T09:47:28+00:00\" \/>\n<meta property=\"og:image\" content=\"https:\/\/www.mountainpassions.com\/summer\/wp-content\/uploads\/2014\/07\/chamonix_chalet_27600.jpg\" \/>\n\t<meta property=\"og:image:width\" content=\"530\" \/>\n\t<meta property=\"og:image:height\" content=\"330\" \/>\n\t<meta property=\"og:image:type\" content=\"image\/jpeg\" \/>\n<meta name=\"author\" content=\"Roger Moss\" \/>\n<meta name=\"twitter:card\" content=\"summary_large_image\" \/>\n<meta name=\"twitter:creator\" content=\"@MtnPassions\" \/>\n<meta name=\"twitter:site\" content=\"@MtnPassions\" \/>\n<meta name=\"twitter:label1\" content=\"Written by\" \/>\n\t<meta name=\"twitter:data1\" content=\"Roger Moss\" \/>\n\t<meta name=\"twitter:label2\" content=\"Estimated reading time\" \/>\n\t<meta name=\"twitter:data2\" content=\"9 minutes\" \/>\n<script type=\"application\/ld+json\" class=\"yoast-schema-graph\">{\"@context\":\"https:\/\/schema.org\",\"@graph\":[{\"@type\":\"WebPage\",\"@id\":\"https:\/\/www.mountainpassions.com\/summer\/summer-resorts\/chamonix-mont-blanc\/\",\"url\":\"https:\/\/www.mountainpassions.com\/summer\/summer-resorts\/chamonix-mont-blanc\/\",\"name\":\"Summer in Chamonix Resort Review - French Alps - MountainPassions\",\"isPartOf\":{\"@id\":\"https:\/\/www.mountainpassions.com\/summer\/#website\"},\"datePublished\":\"2016-04-29T13:05:43+00:00\",\"dateModified\":\"2019-06-11T09:47:28+00:00\",\"author\":{\"@id\":\"https:\/\/www.mountainpassions.com\/summer\/#\/schema\/person\/20f3716804c54a28181425337941735b\"},\"description\":\"Read our Chamonix resort review for summer visits to this unique Alpine destination which welcomes visitors all year round.\",\"breadcrumb\":{\"@id\":\"https:\/\/www.mountainpassions.com\/summer\/summer-resorts\/chamonix-mont-blanc\/#breadcrumb\"},\"inLanguage\":\"en-GB\",\"potentialAction\":[{\"@type\":\"ReadAction\",\"target\":[\"https:\/\/www.mountainpassions.com\/summer\/summer-resorts\/chamonix-mont-blanc\/\"]}]},{\"@type\":\"BreadcrumbList\",\"@id\":\"https:\/\/www.mountainpassions.com\/summer\/summer-resorts\/chamonix-mont-blanc\/#breadcrumb\",\"itemListElement\":[{\"@type\":\"ListItem\",\"position\":1,\"name\":\"Home\",\"item\":\"https:\/\/www.mountainpassions.com\/summer\/\"},{\"@type\":\"ListItem\",\"position\":2,\"name\":\"Summer Resorts\",\"item\":\"https:\/\/www.mountainpassions.com\/summer\/category\/summer-resorts\/\"},{\"@type\":\"ListItem\",\"position\":3,\"name\":\"Summer in Chamonix\"}]},{\"@type\":\"WebSite\",\"@id\":\"https:\/\/www.mountainpassions.com\/summer\/#website\",\"url\":\"https:\/\/www.mountainpassions.com\/summer\/\",\"name\":\"MountainPassions\",\"description\":\"Skiing &amp; Enjoying the Mountains of France\",\"potentialAction\":[{\"@type\":\"SearchAction\",\"target\":{\"@type\":\"EntryPoint\",\"urlTemplate\":\"https:\/\/www.mountainpassions.com\/summer\/?s={search_term_string}\"},\"query-input\":\"required name=search_term_string\"}],\"inLanguage\":\"en-GB\"},{\"@type\":\"Person\",\"@id\":\"https:\/\/www.mountainpassions.com\/summer\/#\/schema\/person\/20f3716804c54a28181425337941735b\",\"name\":\"Roger Moss\",\"image\":{\"@type\":\"ImageObject\",\"inLanguage\":\"en-GB\",\"@id\":\"https:\/\/www.mountainpassions.com\/summer\/#\/schema\/person\/image\/\",\"url\":\"https:\/\/secure.gravatar.com\/avatar\/cab245ddcf559454dd212b4a987360e6?s=96&d=blank&r=g\",\"contentUrl\":\"https:\/\/secure.gravatar.com\/avatar\/cab245ddcf559454dd212b4a987360e6?s=96&d=blank&r=g\",\"caption\":\"Roger Moss\"},\"description\":\"Owner and Editor of MountainPassions, Roger is a journalist and photographer with more than 30 years\u2019 professional experience producing illustrated ski and travel editorial features for magazines and location photography for travel guides, both in the UK and overseas. He regularly writes resort reviews for other ski websites and tour operators as well as ski and mountain features for newspapers and magazines worldwide.\",\"sameAs\":[\"http:\/\/www.mountainpassions.com\"],\"url\":\"https:\/\/www.mountainpassions.com\/summer\/author\/rogermoss\/\"}]}<\/script>\n<!-- \/ Yoast SEO plugin. -->","yoast_head_json":{"title":"Summer in Chamonix Resort Review - French Alps - MountainPassions","description":"Read our Chamonix resort review for summer visits to this unique Alpine destination which welcomes visitors all year round.","robots":{"index":"index","follow":"follow","max-snippet":"max-snippet:-1","max-image-preview":"max-image-preview:large","max-video-preview":"max-video-preview:-1"},"canonical":"https:\/\/www.mountainpassions.com\/summer\/summer-resorts\/chamonix-mont-blanc\/","og_locale":"en_GB","og_type":"article","og_title":"Summer in Chamonix Resort Review - French Alps - MountainPassions","og_description":"Read our Chamonix resort review for summer visits to this unique Alpine destination which welcomes visitors all year round.","og_url":"https:\/\/www.mountainpassions.com\/summer\/summer-resorts\/chamonix-mont-blanc\/","og_site_name":"MountainPassions","article_publisher":"https:\/\/www.facebook.com\/Mountain-Passions-422318654644495\/?ref=hl","article_published_time":"2016-04-29T13:05:43+00:00","article_modified_time":"2019-06-11T09:47:28+00:00","og_image":[{"width":530,"height":330,"url":"https:\/\/www.mountainpassions.com\/summer\/wp-content\/uploads\/2014\/07\/chamonix_chalet_27600.jpg","type":"image\/jpeg"}],"author":"Roger Moss","twitter_card":"summary_large_image","twitter_creator":"@MtnPassions","twitter_site":"@MtnPassions","twitter_misc":{"Written by":"Roger Moss","Estimated reading time":"9 minutes"},"schema":{"@context":"https:\/\/schema.org","@graph":[{"@type":"WebPage","@id":"https:\/\/www.mountainpassions.com\/summer\/summer-resorts\/chamonix-mont-blanc\/","url":"https:\/\/www.mountainpassions.com\/summer\/summer-resorts\/chamonix-mont-blanc\/","name":"Summer in Chamonix Resort Review - French Alps - MountainPassions","isPartOf":{"@id":"https:\/\/www.mountainpassions.com\/summer\/#website"},"datePublished":"2016-04-29T13:05:43+00:00","dateModified":"2019-06-11T09:47:28+00:00","author":{"@id":"https:\/\/www.mountainpassions.com\/summer\/#\/schema\/person\/20f3716804c54a28181425337941735b"},"description":"Read our Chamonix resort review for summer visits to this unique Alpine destination which welcomes visitors all year round.","breadcrumb":{"@id":"https:\/\/www.mountainpassions.com\/summer\/summer-resorts\/chamonix-mont-blanc\/#breadcrumb"},"inLanguage":"en-GB","potentialAction":[{"@type":"ReadAction","target":["https:\/\/www.mountainpassions.com\/summer\/summer-resorts\/chamonix-mont-blanc\/"]}]},{"@type":"BreadcrumbList","@id":"https:\/\/www.mountainpassions.com\/summer\/summer-resorts\/chamonix-mont-blanc\/#breadcrumb","itemListElement":[{"@type":"ListItem","position":1,"name":"Home","item":"https:\/\/www.mountainpassions.com\/summer\/"},{"@type":"ListItem","position":2,"name":"Summer Resorts","item":"https:\/\/www.mountainpassions.com\/summer\/category\/summer-resorts\/"},{"@type":"ListItem","position":3,"name":"Summer in Chamonix"}]},{"@type":"WebSite","@id":"https:\/\/www.mountainpassions.com\/summer\/#website","url":"https:\/\/www.mountainpassions.com\/summer\/","name":"MountainPassions","description":"Skiing &amp; Enjoying the Mountains of France","potentialAction":[{"@type":"SearchAction","target":{"@type":"EntryPoint","urlTemplate":"https:\/\/www.mountainpassions.com\/summer\/?s={search_term_string}"},"query-input":"required name=search_term_string"}],"inLanguage":"en-GB"},{"@type":"Person","@id":"https:\/\/www.mountainpassions.com\/summer\/#\/schema\/person\/20f3716804c54a28181425337941735b","name":"Roger Moss","image":{"@type":"ImageObject","inLanguage":"en-GB","@id":"https:\/\/www.mountainpassions.com\/summer\/#\/schema\/person\/image\/","url":"https:\/\/secure.gravatar.com\/avatar\/cab245ddcf559454dd212b4a987360e6?s=96&d=blank&r=g","contentUrl":"https:\/\/secure.gravatar.com\/avatar\/cab245ddcf559454dd212b4a987360e6?s=96&d=blank&r=g","caption":"Roger Moss"},"description":"Owner and Editor of MountainPassions, Roger is a journalist and photographer with more than 30 years\u2019 professional experience producing illustrated ski and travel editorial features for magazines and location photography for travel guides, both in the UK and overseas. He regularly writes resort reviews for other ski websites and tour operators as well as ski and mountain features for newspapers and magazines worldwide.","sameAs":["http:\/\/www.mountainpassions.com"],"url":"https:\/\/www.mountainpassions.com\/summer\/author\/rogermoss\/"}]}},"_links":{"self":[{"href":"https:\/\/www.mountainpassions.com\/summer\/wp-json\/wp\/v2\/posts\/112"}],"collection":[{"href":"https:\/\/www.mountainpassions.com\/summer\/wp-json\/wp\/v2\/posts"}],"about":[{"href":"https:\/\/www.mountainpassions.com\/summer\/wp-json\/wp\/v2\/types\/post"}],"author":[{"embeddable":true,"href":"https:\/\/www.mountainpassions.com\/summer\/wp-json\/wp\/v2\/users\/3"}],"replies":[{"embeddable":true,"href":"https:\/\/www.mountainpassions.com\/summer\/wp-json\/wp\/v2\/comments?post=112"}],"version-history":[{"count":0,"href":"https:\/\/www.mountainpassions.com\/summer\/wp-json\/wp\/v2\/posts\/112\/revisions"}],"wp:featuredmedia":[{"embeddable":true,"href":"https:\/\/www.mountainpassions.com\/summer\/wp-json\/wp\/v2\/media\/6958"}],"wp:attachment":[{"href":"https:\/\/www.mountainpassions.com\/summer\/wp-json\/wp\/v2\/media?parent=112"}],"wp:term":[{"taxonomy":"category","embeddable":true,"href":"https:\/\/www.mountainpassions.com\/summer\/wp-json\/wp\/v2\/categories?post=112"},{"taxonomy":"post_tag","embeddable":true,"href":"https:\/\/www.mountainpassions.com\/summer\/wp-json\/wp\/v2\/tags?post=112"}],"curies":[{"name":"wp","href":"https:\/\/api.w.org\/{rel}","templated":true}]}}